{"id":5636,"date":"2026-04-28T07:10:48","date_gmt":"2026-04-28T05:10:48","guid":{"rendered":"https:\/\/super-profit.pl\/?p=5636"},"modified":"2026-04-28T14:05:23","modified_gmt":"2026-04-28T12:05:23","slug":"garnek-esela-28-cm-44-000-pkt","status":"publish","type":"post","link":"https:\/\/super-profit.pl\/index.php\/2026\/04\/28\/garnek-esela-28-cm-44-000-pkt\/","title":{"rendered":"GARNEK ESELA 28 CM &#8211; 44 000 PKT"},"content":{"rendered":"\n<figure class=\"wp-block-image size-full is-resized\"><img loading=\"lazy\" decoding=\"async\" width=\"1000\" height=\"500\" src=\"https:\/\/super-profit.pl\/wp-content\/uploads\/2026\/04\/ODELLO-LOGO.png\" alt=\"\" class=\"wp-image-5610\" style=\"width:217px;height:auto\" srcset=\"https:\/\/super-profit.pl\/wp-content\/uploads\/2026\/04\/ODELLO-LOGO.png 1000w, https:\/\/super-profit.pl\/wp-content\/uploads\/2026\/04\/ODELLO-LOGO-300x150.png 300w, https:\/\/super-profit.pl\/wp-content\/uploads\/2026\/04\/ODELLO-LOGO-768x384.png 768w, https:\/\/super-profit.pl\/wp-content\/uploads\/2026\/04\/ODELLO-LOGO-36x18.png 36w, https:\/\/super-profit.pl\/wp-content\/uploads\/2026\/04\/ODELLO-LOGO-40x20.png 40w\" sizes=\"auto, (max-width: 1000px) 100vw, 1000px\" \/><\/figure>\n\n\n\n<figure class=\"wp-block-gallery has-nested-images columns-default is-cropped wp-block-gallery-1 is-layout-flex wp-block-gallery-is-layout-flex\">\n<figure class=\"wp-block-image size-large\"><img loading=\"lazy\" decoding=\"async\" width=\"1000\" height=\"1000\" data-id=\"5637\" src=\"https:\/\/super-profit.pl\/wp-content\/uploads\/2026\/04\/GARNEK-ESELA-28-CM-W1-2026-1.jpg\" alt=\"\" class=\"wp-image-5637\" srcset=\"https:\/\/super-profit.pl\/wp-content\/uploads\/2026\/04\/GARNEK-ESELA-28-CM-W1-2026-1.jpg 1000w, https:\/\/super-profit.pl\/wp-content\/uploads\/2026\/04\/GARNEK-ESELA-28-CM-W1-2026-1-300x300.jpg 300w, https:\/\/super-profit.pl\/wp-content\/uploads\/2026\/04\/GARNEK-ESELA-28-CM-W1-2026-1-150x150.jpg 150w, https:\/\/super-profit.pl\/wp-content\/uploads\/2026\/04\/GARNEK-ESELA-28-CM-W1-2026-1-768x768.jpg 768w, https:\/\/super-profit.pl\/wp-content\/uploads\/2026\/04\/GARNEK-ESELA-28-CM-W1-2026-1-360x360.jpg 360w, https:\/\/super-profit.pl\/wp-content\/uploads\/2026\/04\/GARNEK-ESELA-28-CM-W1-2026-1-36x36.jpg 36w, https:\/\/super-profit.pl\/wp-content\/uploads\/2026\/04\/GARNEK-ESELA-28-CM-W1-2026-1-20x20.jpg 20w\" sizes=\"auto, (max-width: 1000px) 100vw, 1000px\" \/><\/figure>\n\n\n\n<figure class=\"wp-block-image size-large\"><img loading=\"lazy\" decoding=\"async\" width=\"1000\" height=\"1000\" data-id=\"5638\" src=\"https:\/\/super-profit.pl\/wp-content\/uploads\/2026\/04\/GARNEK-ESELA-28-CM-W2-2026-1.jpg\" alt=\"\" class=\"wp-image-5638\" srcset=\"https:\/\/super-profit.pl\/wp-content\/uploads\/2026\/04\/GARNEK-ESELA-28-CM-W2-2026-1.jpg 1000w, https:\/\/super-profit.pl\/wp-content\/uploads\/2026\/04\/GARNEK-ESELA-28-CM-W2-2026-1-300x300.jpg 300w, https:\/\/super-profit.pl\/wp-content\/uploads\/2026\/04\/GARNEK-ESELA-28-CM-W2-2026-1-150x150.jpg 150w, https:\/\/super-profit.pl\/wp-content\/uploads\/2026\/04\/GARNEK-ESELA-28-CM-W2-2026-1-768x768.jpg 768w, https:\/\/super-profit.pl\/wp-content\/uploads\/2026\/04\/GARNEK-ESELA-28-CM-W2-2026-1-360x360.jpg 360w, https:\/\/super-profit.pl\/wp-content\/uploads\/2026\/04\/GARNEK-ESELA-28-CM-W2-2026-1-36x36.jpg 36w, https:\/\/super-profit.pl\/wp-content\/uploads\/2026\/04\/GARNEK-ESELA-28-CM-W2-2026-1-20x20.jpg 20w\" sizes=\"auto, (max-width: 1000px) 100vw, 1000px\" \/><\/figure>\n\n\n\n<figure class=\"wp-block-image size-large\"><img loading=\"lazy\" decoding=\"async\" width=\"1000\" height=\"1000\" data-id=\"5639\" src=\"https:\/\/super-profit.pl\/wp-content\/uploads\/2026\/04\/GARNEK-ESELA-28-CM-W3-2026-1.jpg\" alt=\"\" class=\"wp-image-5639\" srcset=\"https:\/\/super-profit.pl\/wp-content\/uploads\/2026\/04\/GARNEK-ESELA-28-CM-W3-2026-1.jpg 1000w, https:\/\/super-profit.pl\/wp-content\/uploads\/2026\/04\/GARNEK-ESELA-28-CM-W3-2026-1-300x300.jpg 300w, https:\/\/super-profit.pl\/wp-content\/uploads\/2026\/04\/GARNEK-ESELA-28-CM-W3-2026-1-150x150.jpg 150w, https:\/\/super-profit.pl\/wp-content\/uploads\/2026\/04\/GARNEK-ESELA-28-CM-W3-2026-1-768x768.jpg 768w, https:\/\/super-profit.pl\/wp-content\/uploads\/2026\/04\/GARNEK-ESELA-28-CM-W3-2026-1-360x360.jpg 360w, https:\/\/super-profit.pl\/wp-content\/uploads\/2026\/04\/GARNEK-ESELA-28-CM-W3-2026-1-36x36.jpg 36w, https:\/\/super-profit.pl\/wp-content\/uploads\/2026\/04\/GARNEK-ESELA-28-CM-W3-2026-1-20x20.jpg 20w\" sizes=\"auto, (max-width: 1000px) 100vw, 1000px\" \/><\/figure>\n<\/figure>\n\n\n\n<hr class=\"wp-block-separator has-alpha-channel-opacity\"\/>\n\n\n\n<h2 class=\"wp-block-heading\"><strong>Garnek okr\u0105g\u0142y greblon 28cm z serii ESELA marki ODELO:<\/strong><\/h2>\n\n\n\n<p><strong>Garnek okr\u0105g\u0142y greblon 28cm z serii ESELA marki ODELO:<\/strong><\/p>\n\n\n\n<ul class=\"wp-block-list\">\n<li>Korpus aluminiowy, dno z p\u0142yt\u0105 ze stali nierdzewnej<\/li>\n\n\n\n<li>Silikonowe nak\u0142adki na uchwyty chroni\u0105ce przed oparzeniem<\/li>\n\n\n\n<li>Szklana pokrywa z aromatyzerem dozuj\u0105cym olej lub wino<\/li>\n\n\n\n<li>Dno \u0142atwo przewodz\u0105ce i doskonale utrzymuj\u0105ce ciep\u0142o<\/li>\n\n\n\n<li>R\u00f3wnomiernie rozprowadza ciep\u0142o szybko podgrzewaj\u0105c \u017cywno\u015b\u0107<\/li>\n\n\n\n<li>Otw\u00f3r w pokrywce umo\u017cliwiaj\u0105cy odprowadzanie pary<\/li>\n\n\n\n<li>Garnek pokryty jest tward\u0105 i wytrzyma\u0142\u0105 pow\u0142ok\u0119 nieprzywieraln\u0105 GREBLON\u00ae C2<\/li>\n\n\n\n<li>Przystosowany do gotowania na kuchenkach: gazowych, elektrycznych, ceramicznych i indukcyjnych<\/li>\n\n\n\n<li>Mo\u017cna u\u017cywa\u0107 w piekarniku nagrzanym do 200\u00b0C<\/li>\n\n\n\n<li>\u0141atwo\u015b\u0107 w utrzymaniu czysto\u015bci<\/li>\n<\/ul>\n\n\n\n<h2 class=\"wp-block-heading\">Dane techniczne<\/h2>\n\n\n\n<ul class=\"wp-block-list\">\n<li>\u015arednica: 28cm<\/li>\n\n\n\n<li>Wysoko\u015b\u0107: 12cm<\/li>\n\n\n\n<li>Pojemno\u015b\u0107: 5L<\/li>\n\n\n\n<li>Kolor: czarny nakrapiany<\/li>\n<\/ul>\n","protected":false},"excerpt":{"rendered":"<p>Garnek okr\u0105g\u0142y greblon 28cm z serii ESELA marki ODELO: Garnek okr\u0105g\u0142y greblon 28cm z serii ESELA marki ODELO: Dane techniczne<\/p>\n","protected":false},"author":2,"featured_media":5640,"comment_status":"closed","ping_status":"closed","sticky":false,"template":"template-full-width-post.php","format":"standard","meta":{"footnotes":""},"categories":[3],"tags":[28,27,26],"class_list":["post-5636","post","type-post","status-publish","format-standard","has-post-thumbnail","hentry","category-kuchnia","tag-dom","tag-kuchnia","tag-wyposazenie","wpcat-3-id"],"_links":{"self":[{"href":"https:\/\/super-profit.pl\/index.php\/wp-json\/wp\/v2\/posts\/5636","targetHints":{"allow":["GET"]}}],"collection":[{"href":"https:\/\/super-profit.pl\/index.php\/wp-json\/wp\/v2\/posts"}],"about":[{"href":"https:\/\/super-profit.pl\/index.php\/wp-json\/wp\/v2\/types\/post"}],"author":[{"embeddable":true,"href":"https:\/\/super-profit.pl\/index.php\/wp-json\/wp\/v2\/users\/2"}],"replies":[{"embeddable":true,"href":"https:\/\/super-profit.pl\/index.php\/wp-json\/wp\/v2\/comments?post=5636"}],"version-history":[{"count":1,"href":"https:\/\/super-profit.pl\/index.php\/wp-json\/wp\/v2\/posts\/5636\/revisions"}],"predecessor-version":[{"id":5641,"href":"https:\/\/super-profit.pl\/index.php\/wp-json\/wp\/v2\/posts\/5636\/revisions\/5641"}],"wp:featuredmedia":[{"embeddable":true,"href":"https:\/\/super-profit.pl\/index.php\/wp-json\/wp\/v2\/media\/5640"}],"wp:attachment":[{"href":"https:\/\/super-profit.pl\/index.php\/wp-json\/wp\/v2\/media?parent=5636"}],"wp:term":[{"taxonomy":"category","embeddable":true,"href":"https:\/\/super-profit.pl\/index.php\/wp-json\/wp\/v2\/categories?post=5636"},{"taxonomy":"post_tag","embeddable":true,"href":"https:\/\/super-profit.pl\/index.php\/wp-json\/wp\/v2\/tags?post=5636"}],"curies":[{"name":"wp","href":"https:\/\/api.w.org\/{rel}","templated":true}]}}